{"id":14919,"date":"2024-12-11T21:16:22","date_gmt":"2024-12-11T20:16:22","guid":{"rendered":"https:\/\/www.bukovickabanja.co.rs\/the-special-hospital-is-part-of-the-lets-talk-project\/"},"modified":"2024-12-11T21:16:23","modified_gmt":"2024-12-11T20:16:23","slug":"the-special-hospital-is-part-of-the-lets-talk-project","status":"publish","type":"post","link":"https:\/\/www.bukovickabanja.co.rs\/en\/the-special-hospital-is-part-of-the-lets-talk-project\/","title":{"rendered":"The special hospital is part of the LET&#8217;S TALK project"},"content":{"rendered":"\t\t<div data-elementor-type=\"wp-post\" data-elementor-id=\"14919\" class=\"elementor elementor-14919 elementor-14251\" data-elementor-post-type=\"post\">\n\t\t\t\t\t\t<section class=\"elementor-section elementor-top-section elementor-element elementor-element-cfdd4d9 elementor-section-boxed elementor-section-height-default elementor-section-height-default\" data-id=\"cfdd4d9\" data-element_type=\"section\" data-e-type=\"section\" data-settings=\"{&quot;background_background&quot;:&quot;classic&quot;}\">\n\t\t\t\t\t\t<div class=\"elementor-container elementor-column-gap-no\">\n\t\t\t\t\t<div class=\"elementor-column elementor-col-100 elementor-top-column elementor-element elementor-element-21becadf\" data-id=\"21becadf\" data-element_type=\"column\" data-e-type=\"column\">\n\t\t\t<div class=\"elementor-widget-wrap elementor-element-populated\">\n\t\t\t\t\t\t<div class=\"elementor-section elementor-inner-section elementor-element elementor-element-7987435 elementor-section-boxed elementor-section-height-default elementor-section-height-default\" data-id=\"7987435\" data-element_type=\"section\" data-e-type=\"section\">\n\t\t\t\t\t\t<div class=\"elementor-container elementor-column-gap-default\">\n\t\t\t\t\t<div class=\"elementor-column elementor-col-100 elementor-inner-column elementor-element elementor-element-5951c250\" data-id=\"5951c250\" data-element_type=\"column\" data-e-type=\"column\">\n\t\t\t<div class=\"elementor-widget-wrap elementor-element-populated\">\n\t\t\t\t\t\t<div class=\"elementor-element elementor-element-1f70772b elementor-widget elementor-widget-heading\" data-id=\"1f70772b\" data-element_type=\"widget\" data-e-type=\"widget\" data-widget_type=\"heading.default\">\n\t\t\t\t<div class=\"elementor-widget-container\">\n\t\t\t\t\t<p class=\"elementor-heading-title elementor-size-default\">The special rehabilitation hospital Bukovi\u010dka banja will participate in the \"LET'S TALK...\" project, which will be held on the International Youth Day.<\/p>\t\t\t\t<\/div>\n\t\t\t\t<\/div>\n\t\t\t\t\t<\/div>\n\t\t<\/div>\n\t\t\t\t\t<\/div>\n\t\t<\/div>\n\t\t\t\t\t<\/div>\n\t\t<\/div>\n\t\t\t\t\t<\/div>\n\t\t<\/section>\n\t\t\t\t<section class=\"elementor-section elementor-top-section elementor-element elementor-element-3ff76fe7 elementor-section-boxed elementor-section-height-default elementor-section-height-default\" data-id=\"3ff76fe7\" data-element_type=\"section\" data-e-type=\"section\" data-settings=\"{&quot;background_background&quot;:&quot;classic&quot;}\">\n\t\t\t\t\t\t<div class=\"elementor-container elementor-column-gap-no\">\n\t\t\t\t\t<div class=\"elementor-column elementor-col-100 elementor-top-column elementor-element elementor-element-6be9e11f\" data-id=\"6be9e11f\" data-element_type=\"column\" data-e-type=\"column\">\n\t\t\t<div class=\"elementor-widget-wrap elementor-element-populated\">\n\t\t\t\t\t\t<section class=\"elementor-section elementor-inner-section elementor-element elementor-element-2ddd0ab6 elementor-section-content-top elementor-section-boxed elementor-section-height-default elementor-section-height-default\" data-id=\"2ddd0ab6\" data-element_type=\"section\" data-e-type=\"section\">\n\t\t\t\t\t\t<div class=\"elementor-container elementor-column-gap-no\">\n\t\t\t\t\t<div class=\"elementor-column elementor-col-50 elementor-inner-column elementor-element elementor-element-4e896766 elementor-invisible\" data-id=\"4e896766\" data-element_type=\"column\" data-e-type=\"column\" data-settings=\"{&quot;animation&quot;:&quot;fadeIn&quot;,&quot;animation_delay&quot;:400}\">\n\t\t\t<div class=\"elementor-widget-wrap elementor-element-populated\">\n\t\t\t\t\t\t<div class=\"elementor-element elementor-element-3360c3e5 elementor-drop-cap-yes elementor-drop-cap-view-default elementor-widget elementor-widget-text-editor\" data-id=\"3360c3e5\" data-element_type=\"widget\" data-e-type=\"widget\" data-settings=\"{&quot;drop_cap&quot;:&quot;yes&quot;}\" data-widget_type=\"text-editor.default\">\n\t\t\t\t<div class=\"elementor-widget-container\">\n\t\t\t\t\t\t\t\t\t<p>This event will be organized on August 12, 2024 from 6 p.m. in \u017divan Saramandi\u0107 Alley and the complex around the open stage in the Bukovi\u010dke banja park in Arandjelovac.<br \/>\nThe theme of our stand is NUTRITION TO HEALTH, where doctors, dieticians and physiotherapists will share advice on how to keep your body healthy.<\/p>\n\t\t\t\t\t\t\t\t<\/div>\n\t\t\t\t<\/div>\n\t\t\t\t\t<\/div>\n\t\t<\/div>\n\t\t\t\t<div class=\"elementor-column elementor-col-50 elementor-inner-column elementor-element elementor-element-59aa1b09 elementor-invisible\" data-id=\"59aa1b09\" data-element_type=\"column\" data-e-type=\"column\" data-settings=\"{&quot;animation&quot;:&quot;fadeIn&quot;,&quot;animation_delay&quot;:400}\">\n\t\t\t<div class=\"elementor-widget-wrap elementor-element-populated\">\n\t\t\t\t\t\t<div class=\"elementor-element elementor-element-1368fc13 elementor-widget elementor-widget-image\" data-id=\"1368fc13\" data-element_type=\"widget\" data-e-type=\"widget\" data-widget_type=\"image.default\">\n\t\t\t\t<div class=\"elementor-widget-container\">\n\t\t\t\t\t\t\t\t\t\t\t\t\t\t\t<img fetchpriority=\"high\" decoding=\"async\" width=\"821\" height=\"1024\" src=\"https:\/\/www.bukovickabanja.co.rs\/wp-content\/uploads\/2024\/08\/IMG_8991-821x1024.jpg\" class=\"attachment-large size-large wp-image-14256\" alt=\"\" srcset=\"https:\/\/www.bukovickabanja.co.rs\/wp-content\/uploads\/2024\/08\/IMG_8991-821x1024.jpg 821w, https:\/\/www.bukovickabanja.co.rs\/wp-content\/uploads\/2024\/08\/IMG_8991-241x300.jpg 241w, https:\/\/www.bukovickabanja.co.rs\/wp-content\/uploads\/2024\/08\/IMG_8991-768x958.jpg 768w, https:\/\/www.bukovickabanja.co.rs\/wp-content\/uploads\/2024\/08\/IMG_8991-1232x1536.jpg 1232w, https:\/\/www.bukovickabanja.co.rs\/wp-content\/uploads\/2024\/08\/IMG_8991.jpg 1440w\" sizes=\"(max-width: 821px) 100vw, 821px\" title=\"\">\t\t\t\t\t\t\t\t\t\t\t\t\t\t\t<\/div>\n\t\t\t\t<\/div>\n\t\t\t\t\t<\/div>\n\t\t<\/div>\n\t\t\t\t\t<\/div>\n\t\t<\/section>\n\t\t\t\t\t<\/div>\n\t\t<\/div>\n\t\t\t\t\t<\/div>\n\t\t<\/section>\n\t\t\t\t<section class=\"elementor-section elementor-top-section elementor-element elementor-element-2a3c954 elementor-section-boxed elementor-section-height-default elementor-section-height-default\" data-id=\"2a3c954\" data-element_type=\"section\" data-e-type=\"section\">\n\t\t\t\t\t\t<div class=\"elementor-container elementor-column-gap-default\">\n\t\t\t\t\t<div class=\"elementor-column elementor-col-100 elementor-top-column elementor-element elementor-element-e5f1a6e\" data-id=\"e5f1a6e\" data-element_type=\"column\" data-e-type=\"column\">\n\t\t\t<div class=\"elementor-widget-wrap elementor-element-populated\">\n\t\t\t\t\t\t<div class=\"elementor-element elementor-element-63dcdd4 elementor-widget elementor-widget-image\" data-id=\"63dcdd4\" data-element_type=\"widget\" data-e-type=\"widget\" data-widget_type=\"image.default\">\n\t\t\t\t<div class=\"elementor-widget-container\">\n\t\t\t\t\t\t\t\t\t\t\t\t\t\t\t<img decoding=\"async\" width=\"1024\" height=\"1024\" src=\"https:\/\/www.bukovickabanja.co.rs\/wp-content\/uploads\/2024\/08\/\u0421\u04112-1024x1024.jpg\" class=\"attachment-large size-large wp-image-14253\" alt=\"\" srcset=\"https:\/\/www.bukovickabanja.co.rs\/wp-content\/uploads\/2024\/08\/\u0421\u04112-1024x1024.jpg 1024w, https:\/\/www.bukovickabanja.co.rs\/wp-content\/uploads\/2024\/08\/\u0421\u04112-300x300.jpg 300w, https:\/\/www.bukovickabanja.co.rs\/wp-content\/uploads\/2024\/08\/\u0421\u04112-150x150.jpg 150w, https:\/\/www.bukovickabanja.co.rs\/wp-content\/uploads\/2024\/08\/\u0421\u04112-768x768.jpg 768w, https:\/\/www.bukovickabanja.co.rs\/wp-content\/uploads\/2024\/08\/\u0421\u04112.jpg 1080w\" sizes=\"(max-width: 1024px) 100vw, 1024px\" title=\"\">\t\t\t\t\t\t\t\t\t\t\t\t\t\t\t<\/div>\n\t\t\t\t<\/div>\n\t\t\t\t\t<\/div>\n\t\t<\/div>\n\t\t\t\t\t<\/div>\n\t\t<\/section>\n\t\t\t\t<\/div>\n\t\t","protected":false},"excerpt":{"rendered":"<p>The special rehabilitation hospital Bukovi\u010dka banja will participate in the &#8220;LET&#8217;S TALK&#8230;&#8221; project, which will be held on the International Youth Day. This event will be organized on August 12, 2024 from 6 p.m. in \u017divan Saramandi\u0107 Alley and the complex around the open stage in the Bukovi\u010dke banja park in Arandjelovac. The theme of [&hellip;]<\/p>\n","protected":false},"author":1,"featured_media":14253,"comment_status":"closed","ping_status":"open","sticky":false,"template":"","format":"standard","meta":{"site-sidebar-layout":"default","site-content-layout":"default","ast-site-content-layout":"default","site-content-style":"default","site-sidebar-style":"default","ast-global-header-display":"","ast-banner-title-visibility":"","ast-main-header-display":"","ast-hfb-above-header-display":"","ast-hfb-below-header-display":"","ast-hfb-mobile-header-display":"","site-post-title":"","ast-breadcrumbs-content":"","ast-featured-img":"disabled","footer-sml-layout":"","ast-disable-related-posts":"","theme-transparent-header-meta":"default","adv-header-id-meta":"","stick-header-meta":"","header-above-stick-meta":"","header-main-stick-meta":"","header-below-stick-meta":"","astra-migrate-meta-layouts":"default","ast-page-background-enabled":"default","ast-page-background-meta":{"desktop":{"background-color":"","background-image":"","background-repeat":"repeat","background-position":"center center","background-size":"auto","background-attachment":"scroll","background-type":"","background-media":"","overlay-type":"","overlay-color":"","overlay-opacity":"","overlay-gradient":""},"tablet":{"background-color":"","background-image":"","background-repeat":"repeat","background-position":"center center","background-size":"auto","background-attachment":"scroll","background-type":"","background-media":"","overlay-type":"","overlay-color":"","overlay-opacity":"","overlay-gradient":""},"mobile":{"background-color":"","background-image":"","background-repeat":"repeat","background-position":"center center","background-size":"auto","background-attachment":"scroll","background-type":"","background-media":"","overlay-type":"","overlay-color":"","overlay-opacity":"","overlay-gradient":""}},"ast-content-background-meta":{"desktop":{"background-color":"var(--ast-global-color-5)","background-image":"","background-repeat":"repeat","background-position":"center center","background-size":"auto","background-attachment":"scroll","background-type":"","background-media":"","overlay-type":"","overlay-color":"","overlay-opacity":"","overlay-gradient":""},"tablet":{"background-color":"var(--ast-global-color-5)","background-image":"","background-repeat":"repeat","background-position":"center center","background-size":"auto","background-attachment":"scroll","background-type":"","background-media":"","overlay-type":"","overlay-color":"","overlay-opacity":"","overlay-gradient":""},"mobile":{"background-color":"var(--ast-global-color-5)","background-image":"","background-repeat":"repeat","background-position":"center center","background-size":"auto","background-attachment":"scroll","background-type":"","background-media":"","overlay-type":"","overlay-color":"","overlay-opacity":"","overlay-gradient":""}},"footnotes":""},"categories":[8],"tags":[],"class_list":["post-14919","post","type-post","status-publish","format-standard","has-post-thumbnail","hentry","category-vesti"],"_links":{"self":[{"href":"https:\/\/www.bukovickabanja.co.rs\/en\/wp-json\/wp\/v2\/posts\/14919","targetHints":{"allow":["GET"]}}],"collection":[{"href":"https:\/\/www.bukovickabanja.co.rs\/en\/wp-json\/wp\/v2\/posts"}],"about":[{"href":"https:\/\/www.bukovickabanja.co.rs\/en\/wp-json\/wp\/v2\/types\/post"}],"author":[{"embeddable":true,"href":"https:\/\/www.bukovickabanja.co.rs\/en\/wp-json\/wp\/v2\/users\/1"}],"replies":[{"embeddable":true,"href":"https:\/\/www.bukovickabanja.co.rs\/en\/wp-json\/wp\/v2\/comments?post=14919"}],"version-history":[{"count":0,"href":"https:\/\/www.bukovickabanja.co.rs\/en\/wp-json\/wp\/v2\/posts\/14919\/revisions"}],"wp:featuredmedia":[{"embeddable":true,"href":"https:\/\/www.bukovickabanja.co.rs\/en\/wp-json\/wp\/v2\/media\/14253"}],"wp:attachment":[{"href":"https:\/\/www.bukovickabanja.co.rs\/en\/wp-json\/wp\/v2\/media?parent=14919"}],"wp:term":[{"taxonomy":"category","embeddable":true,"href":"https:\/\/www.bukovickabanja.co.rs\/en\/wp-json\/wp\/v2\/categories?post=14919"},{"taxonomy":"post_tag","embeddable":true,"href":"https:\/\/www.bukovickabanja.co.rs\/en\/wp-json\/wp\/v2\/tags?post=14919"}],"curies":[{"name":"wp","href":"https:\/\/api.w.org\/{rel}","templated":true}]}}